{"id":1580,"date":"2026-04-21T13:02:20","date_gmt":"2026-04-21T13:02:20","guid":{"rendered":"https:\/\/www.zuss.net\/tr\/?p=1580"},"modified":"2026-04-21T13:02:21","modified_gmt":"2026-04-21T13:02:21","slug":"hivda-zizan-isminin-anlami","status":"publish","type":"post","link":"https:\/\/www.zuss.net\/tr\/hivda-zizan-isminin-anlami.html","title":{"rendered":"Hivda Zizan \u0130sminin Anlam\u0131"},"content":{"rendered":"\n<figure class=\"wp-block-image size-full\"><img loading=\"lazy\" decoding=\"async\" width=\"985\" height=\"508\" src=\"https:\/\/www.zuss.net\/tr\/wp-content\/uploads\/2026\/04\/hivda-zizan-isminin-anlami.jpg\" alt=\"\" class=\"wp-image-1581\" srcset=\"https:\/\/www.zuss.net\/tr\/wp-content\/uploads\/2026\/04\/hivda-zizan-isminin-anlami.jpg 985w, https:\/\/www.zuss.net\/tr\/wp-content\/uploads\/2026\/04\/hivda-zizan-isminin-anlami-300x155.jpg 300w, https:\/\/www.zuss.net\/tr\/wp-content\/uploads\/2026\/04\/hivda-zizan-isminin-anlami-768x396.jpg 768w\" sizes=\"auto, (max-width: 985px) 100vw, 985px\" \/><\/figure>\n\n\n\n<p>Hivda Zizan veya ayr\u0131 ayr\u0131 Hivda ve Zizan isimlerinin ne anlama geldi\u011fi ve hangi dile \u00f6zg\u00fc isimler oldu\u011fu merak ediliyor. <strong>Hivda<\/strong> ve <strong>Zizan<\/strong> isimleri K\u00fcrt\u00e7e k\u00f6kenli isimlerdir. Her iki ismin de do\u011fadan ve ya\u015famdan ilham alan derin anlamlar\u0131 bulunur:<\/p>\n\n\n\n<h2 class=\"wp-block-heading\">Hivda \u0130sminin Anlam\u0131<\/h2>\n\n\n\n<p><strong>Hivda<\/strong> (H\u00eevda), K\u00fcrt\u00e7e &#8220;H\u00eev&#8221; (Ay) ve &#8220;Da&#8221; (Verdi\/Verilen) kelimelerinin birle\u015fimiyle olu\u015fur.<\/p>\n\n\n\n<ul class=\"wp-block-list\">\n<li><strong>Anlam\u0131:<\/strong> &#8220;Ay&#8217;\u0131n verdi\u011fi&#8221;, &#8220;Ay&#8217;dan gelen&#8221; veya &#8220;Ay do\u011fumu&#8221; gibi anlamlara gelir.<\/li>\n\n\n\n<li>Zarif ve \u0131\u015f\u0131lt\u0131l\u0131 bir anlam\u0131 vard\u0131r; genellikle parlakl\u0131\u011f\u0131 ve g\u00fczelli\u011fi simgeler.<\/li>\n<\/ul>\n\n\n\n<h2 class=\"wp-block-heading\">Zizan \u0130sminin Anlam\u0131<\/h2>\n\n\n\n<p><strong>Zizan<\/strong> kelimesi K\u00fcrt\u00e7e&#8217;de daha \u00e7ok filizlenen, canlanan do\u011fay\u0131 ifade etmek i\u00e7in kullan\u0131l\u0131r.<\/p>\n\n\n\n<ul class=\"wp-block-list\">\n<li><strong>Anlam\u0131:<\/strong> &#8220;Ya\u015fam dolu&#8221;, &#8220;canl\u0131l\u0131k&#8221; veya &#8220;yerden biten yeni filiz&#8221; anlamlar\u0131n\u0131 ta\u015f\u0131r.<\/li>\n\n\n\n<li>Baz\u0131 y\u00f6relerde ise \u00e7al\u0131\u015fkan, yerinde duramayan ve hareketli ki\u015fi anlam\u0131nda da kullan\u0131l\u0131r.<\/li>\n<\/ul>\n\n\n\n<p>Hivda Zizan ismi bir araya geldi\u011finde, hem g\u00f6ky\u00fcz\u00fcn\u00fcn \u0131\u015f\u0131\u011f\u0131n\u0131 (Ay) hem de yery\u00fcz\u00fcn\u00fcn canl\u0131l\u0131\u011f\u0131n\u0131 (Filiz\/Ya\u015fam) temsil eden, do\u011fayla i\u00e7 i\u00e7e ve estetik bir b\u00fct\u00fcn\u00fc ifade eder.<\/p>\n\n\n\n<p>Hivda Zizan ismini bir arada kullananlar oldu\u011fu gibi ayr\u0131 ayr\u0131 Hivda ve Zizan olarak da tercih edenler var.<\/p>\n\n\n\n<p><\/p>\n","protected":false},"excerpt":{"rendered":"<p>Hivda Zizan veya ayr&#305; ayr&#305; Hivda ve Zizan isimlerinin ne anlama geldi&#287;i ve hangi dile &ouml;zg&uuml; isimler oldu&#287;u merak ediliyor. Hivda ve Zizan isimleri K&uuml;rt&ccedil;e k&ouml;kenli isimlerdir. Her iki ismin de do&#287;adan ve ya&#351;amdan ilham alan derin anlamlar&#305; bulunur: Hivda &#304;sminin Anlam&#305; Hivda (H&icirc;vda), K&uuml;rt&ccedil;e &ldquo;H&icirc;v&rdquo; (Ay) ve &ldquo;Da&rdquo; (Verdi\/Verilen) kelimelerinin birle&#351;imiyle olu&#351;ur. Zizan &#304;sminin [&hellip;]<\/p>\n","protected":false},"author":1,"featured_media":1581,"comment_status":"open","ping_status":"open","sticky":false,"template":"","format":"standard","meta":{"footnotes":""},"categories":[716],"tags":[1436,1433,1432,1435,1437,1434],"class_list":["post-1580","post","type-post","status-publish","format-standard","has-post-thumbnail","hentry","category-bilgi","tag-hivda-ismi-kurtce","tag-hivda-isminin-anlami","tag-hivda-zizan-anlami","tag-hivda-zizan-kurtce","tag-zizan-ismi-kurtce","tag-zizan-isminin-anlami"],"_links":{"self":[{"href":"https:\/\/www.zuss.net\/tr\/wp-json\/wp\/v2\/posts\/1580","targetHints":{"allow":["GET"]}}],"collection":[{"href":"https:\/\/www.zuss.net\/tr\/wp-json\/wp\/v2\/posts"}],"about":[{"href":"https:\/\/www.zuss.net\/tr\/wp-json\/wp\/v2\/types\/post"}],"author":[{"embeddable":true,"href":"https:\/\/www.zuss.net\/tr\/wp-json\/wp\/v2\/users\/1"}],"replies":[{"embeddable":true,"href":"https:\/\/www.zuss.net\/tr\/wp-json\/wp\/v2\/comments?post=1580"}],"version-history":[{"count":1,"href":"https:\/\/www.zuss.net\/tr\/wp-json\/wp\/v2\/posts\/1580\/revisions"}],"predecessor-version":[{"id":1582,"href":"https:\/\/www.zuss.net\/tr\/wp-json\/wp\/v2\/posts\/1580\/revisions\/1582"}],"wp:featuredmedia":[{"embeddable":true,"href":"https:\/\/www.zuss.net\/tr\/wp-json\/wp\/v2\/media\/1581"}],"wp:attachment":[{"href":"https:\/\/www.zuss.net\/tr\/wp-json\/wp\/v2\/media?parent=1580"}],"wp:term":[{"taxonomy":"category","embeddable":true,"href":"https:\/\/www.zuss.net\/tr\/wp-json\/wp\/v2\/categories?post=1580"},{"taxonomy":"post_tag","embeddable":true,"href":"https:\/\/www.zuss.net\/tr\/wp-json\/wp\/v2\/tags?post=1580"}],"curies":[{"name":"wp","href":"https:\/\/api.w.org\/{rel}","templated":true}]}}