{"id":1640,"date":"2026-04-25T19:38:45","date_gmt":"2026-04-25T19:38:45","guid":{"rendered":"https:\/\/www.zuss.net\/tr\/?p=1640"},"modified":"2026-04-25T19:38:45","modified_gmt":"2026-04-25T19:38:45","slug":"teyit-gobeklitepe-penisini-tutan-adam-heykeli","status":"publish","type":"post","link":"https:\/\/www.zuss.net\/tr\/teyit-gobeklitepe-penisini-tutan-adam-heykeli.html","title":{"rendered":"Teyit: G\u00f6beklitepe Penisini Tutan Adam Heykeli"},"content":{"rendered":"\n<p>Teyit: G\u00f6beklitepe Penisini Tutan Adam Heykeli<\/p>\n\n\n\n<p>A\u015fa\u011f\u0131daki g\u00f6rselde yer alan heykelin G\u00f6beklitepe&#8217;de bulundu\u011fu ve masturbasyon yapan bir adam\u0131 tasvir etti\u011fini iddia eden sosyal medya hesaplar\u0131 artarken, iddialar\u0131n ger\u00e7ek olup olmad\u0131\u011f\u0131n\u0131 teyit etme ihtiyac\u0131 olu\u015fmu\u015ftur.<\/p>\n\n\n\n<figure class=\"wp-block-image size-full\"><img loading=\"lazy\" decoding=\"async\" width=\"680\" height=\"656\" src=\"https:\/\/www.zuss.net\/tr\/wp-content\/uploads\/2026\/04\/gobeklitepe-penisini-tutan-adam-heykeli-masturbasyon-31.jpg\" alt=\"\" class=\"wp-image-1641\" srcset=\"https:\/\/www.zuss.net\/tr\/wp-content\/uploads\/2026\/04\/gobeklitepe-penisini-tutan-adam-heykeli-masturbasyon-31.jpg 680w, https:\/\/www.zuss.net\/tr\/wp-content\/uploads\/2026\/04\/gobeklitepe-penisini-tutan-adam-heykeli-masturbasyon-31-300x289.jpg 300w\" sizes=\"auto, (max-width: 680px) 100vw, 680px\" \/><\/figure>\n\n\n\n<p>Ara\u015ft\u0131rmam\u0131z sonucunda g\u00f6rselde yer alan heykelin G\u00f6beklitepe&#8217;de de\u011fil,  \u0130spanya&#8217;n\u0131n kuzeyindeki Cantabria b\u00f6lgesinde bulunan San Mart\u00edn de Elines Kolej Kilisesi&#8217;nin cephesinde yer ald\u0131\u011f\u0131 tespit edildi. Heykelin tarihi ise 12. y\u00fczy\u0131la tarihlenmektedir.<\/p>\n\n\n\n<p><br>Bu t\u00fcr oymalar\u0131n, g\u00fcnaha kar\u015f\u0131 uyar\u0131dan \u00fcremeye te\u015fvike veya soylular\u0131n soylar\u0131n\u0131 me\u015frula\u015ft\u0131rmak i\u00e7in propaganda arac\u0131 olarak kullan\u0131lmas\u0131na kadar \u00e7e\u015fitli ama\u00e7lara hizmet etti\u011fine inan\u0131lmaktad\u0131r.<\/p>\n\n\n\n<p><\/p>\n","protected":false},"excerpt":{"rendered":"<p>Teyit: G&ouml;beklitepe Penisini Tutan Adam Heykeli A&#351;a&#287;&#305;daki g&ouml;rselde yer alan heykelin G&ouml;beklitepe&rsquo;de bulundu&#287;u ve masturbasyon yapan bir adam&#305; tasvir etti&#287;ini iddia eden sosyal medya hesaplar&#305; artarken, iddialar&#305;n ger&ccedil;ek olup olmad&#305;&#287;&#305;n&#305; teyit etme ihtiyac&#305; olu&#351;mu&#351;tur. Ara&#351;t&#305;rmam&#305;z sonucunda g&ouml;rselde yer alan heykelin G&ouml;beklitepe&rsquo;de de&#287;il, &#304;spanya&rsquo;n&#305;n kuzeyindeki Cantabria b&ouml;lgesinde bulunan San Mart&iacute;n de Elines Kolej Kilisesi&rsquo;nin cephesinde yer [&hellip;]<\/p>\n","protected":false},"author":1,"featured_media":0,"comment_status":"open","ping_status":"closed","sticky":false,"template":"","format":"standard","meta":{"footnotes":""},"categories":[468],"tags":[1478,1477,1476],"class_list":["post-1640","post","type-post","status-publish","format-standard","hentry","category-teyit","tag-gobeklitepe-31-ceken-heykel","tag-gobeklitepe-masturbasyon-yapan-heykel","tag-gobeklitepe-penisini-tutan-adam-heykeli"],"_links":{"self":[{"href":"https:\/\/www.zuss.net\/tr\/wp-json\/wp\/v2\/posts\/1640","targetHints":{"allow":["GET"]}}],"collection":[{"href":"https:\/\/www.zuss.net\/tr\/wp-json\/wp\/v2\/posts"}],"about":[{"href":"https:\/\/www.zuss.net\/tr\/wp-json\/wp\/v2\/types\/post"}],"author":[{"embeddable":true,"href":"https:\/\/www.zuss.net\/tr\/wp-json\/wp\/v2\/users\/1"}],"replies":[{"embeddable":true,"href":"https:\/\/www.zuss.net\/tr\/wp-json\/wp\/v2\/comments?post=1640"}],"version-history":[{"count":1,"href":"https:\/\/www.zuss.net\/tr\/wp-json\/wp\/v2\/posts\/1640\/revisions"}],"predecessor-version":[{"id":1642,"href":"https:\/\/www.zuss.net\/tr\/wp-json\/wp\/v2\/posts\/1640\/revisions\/1642"}],"wp:attachment":[{"href":"https:\/\/www.zuss.net\/tr\/wp-json\/wp\/v2\/media?parent=1640"}],"wp:term":[{"taxonomy":"category","embeddable":true,"href":"https:\/\/www.zuss.net\/tr\/wp-json\/wp\/v2\/categories?post=1640"},{"taxonomy":"post_tag","embeddable":true,"href":"https:\/\/www.zuss.net\/tr\/wp-json\/wp\/v2\/tags?post=1640"}],"curies":[{"name":"wp","href":"https:\/\/api.w.org\/{rel}","templated":true}]}}