{"id":949,"date":"2025-12-23T16:39:22","date_gmt":"2025-12-23T16:39:22","guid":{"rendered":"https:\/\/www.zuss.net\/tr\/?p=949"},"modified":"2025-12-23T16:39:23","modified_gmt":"2025-12-23T16:39:23","slug":"bagkur-primi-ne-kadar-2026","status":"publish","type":"post","link":"https:\/\/www.zuss.net\/tr\/bagkur-primi-ne-kadar-2026.html","title":{"rendered":"Ba\u011fkur Primi Ne Kadar 2026"},"content":{"rendered":"\n<figure class=\"wp-block-image size-full\"><img loading=\"lazy\" decoding=\"async\" width=\"1018\" height=\"674\" src=\"https:\/\/www.zuss.net\/tr\/wp-content\/uploads\/2025\/12\/bagkur-primi-ne-kadar-2026.jpg\" alt=\"\" class=\"wp-image-950\" srcset=\"https:\/\/www.zuss.net\/tr\/wp-content\/uploads\/2025\/12\/bagkur-primi-ne-kadar-2026.jpg 1018w, https:\/\/www.zuss.net\/tr\/wp-content\/uploads\/2025\/12\/bagkur-primi-ne-kadar-2026-300x199.jpg 300w, https:\/\/www.zuss.net\/tr\/wp-content\/uploads\/2025\/12\/bagkur-primi-ne-kadar-2026-768x508.jpg 768w\" sizes=\"auto, (max-width: 1018px) 100vw, 1018px\" \/><\/figure>\n\n\n\n<p>Ba\u011fkur Primi Ne Kadar 2026 Esnaf Tar\u0131m \u00c7ift\u00e7i \u0130ste\u011fe Ba\u011fl\u0131 Ba\u011fkur primleri ile ilgili son g\u00fcncel bilgiler bu blog i\u00e7eri\u011finde yer almaktad\u0131r.<\/p>\n\n\n\n<p>2026 y\u0131l\u0131 i\u00e7in belirlenen asgari \u00fccret tutar\u0131 (net 28.075 TL, br\u00fct 33.030 TL) ve beraberinde gelen yasal de\u011fi\u015fikliklerle birlikte Ba\u011f-Kur primleri \u00f6nemli \u00f6l\u00e7\u00fcde g\u00fcncellenmi\u015ftir.<\/p>\n\n\n\n<p>\u00d6zellikle <strong>7566 say\u0131l\u0131 Kanun<\/strong> ile 2026&#8217;dan itibaren sigorta prim oranlar\u0131nda art\u0131\u015fa gidildi\u011fini belirtmekte fayda var. Uzun vadeli sigorta kollar\u0131 prim oran\u0131 %34,5&#8217;ten <strong>%35,5<\/strong>&#8216;e y\u00fckseltilmi\u015ftir.<\/p>\n\n\n\n<p>\u0130\u015fte 28.075 TL net asgari \u00fccrete g\u00f6re 2026 y\u0131l\u0131 ayl\u0131k Ba\u011f-Kur prim hesaplamalar\u0131:<\/p>\n\n\n\n<h3 class=\"wp-block-heading\">2026 Ba\u011f-Kur Prim Tablosu (Ayl\u0131k)<\/h3>\n\n\n\n<figure class=\"wp-block-table\"><table class=\"has-fixed-layout\"><thead><tr><td><strong>Prim T\u00fcr\u00fc<\/strong><\/td><td><strong>Hesaplama Oran\u0131<\/strong><\/td><td><strong>Ayl\u0131k \u00d6deme Tutar\u0131<\/strong><\/td><\/tr><\/thead><tbody><tr><td><strong>Esnaf Ba\u011f-Kur (\u0130ndirimsiz)<\/strong><\/td><td>Br\u00fct x %35,5<\/td><td><strong>11.725,65 TL<\/strong><\/td><\/tr><tr><td><em>Esnaf Ba\u011f-Kur (%5 \u0130ndirimli)<\/em>*<\/td><td>Br\u00fct x %30,5<\/td><td><strong>10.074,15 TL<\/strong><\/td><\/tr><tr><td><strong>Tar\u0131m (\u00c7ift\u00e7i) Ba\u011f-Kur<\/strong><\/td><td>Br\u00fct x %35,5<\/td><td><strong>11.725,65 TL<\/strong><\/td><\/tr><tr><td><strong>\u0130ste\u011fe Ba\u011fl\u0131 Ba\u011f-Kur<\/strong><\/td><td>Br\u00fct x %33**<\/td><td><strong>10.900,00 TL<\/strong><\/td><\/tr><\/tbody><\/table><\/figure>\n","protected":false},"excerpt":{"rendered":"<p>Ba&#287;kur Primi Ne Kadar 2026 Esnaf Tar&#305;m &Ccedil;ift&ccedil;i &#304;ste&#287;e Ba&#287;l&#305; Ba&#287;kur primleri ile ilgili son g&uuml;ncel bilgiler bu blog i&ccedil;eri&#287;inde yer almaktad&#305;r. 2026 y&#305;l&#305; i&ccedil;in belirlenen asgari &uuml;cret tutar&#305; (net 28.075 TL, br&uuml;t 33.030 TL) ve beraberinde gelen yasal de&#287;i&#351;ikliklerle birlikte Ba&#287;-Kur primleri &ouml;nemli &ouml;l&ccedil;&uuml;de g&uuml;ncellenmi&#351;tir. &Ouml;zellikle 7566 say&#305;l&#305; Kanun ile 2026&rsquo;dan itibaren sigorta prim [&hellip;]<\/p>\n","protected":false},"author":1,"featured_media":950,"comment_status":"open","ping_status":"open","sticky":false,"template":"","format":"standard","meta":{"footnotes":""},"categories":[716],"tags":[717,718,720,719,721],"class_list":["post-949","post","type-post","status-publish","format-standard","has-post-thumbnail","hentry","category-bilgi","tag-bagkur-ne-kadar-oldu-2026","tag-bagkur-primi-2026","tag-ciftci-bagkur-primi-2026","tag-esnaf-bagkur-primi-indirimli-2026","tag-istege-bagli-bagkur-primi-2026"],"_links":{"self":[{"href":"https:\/\/www.zuss.net\/tr\/wp-json\/wp\/v2\/posts\/949","targetHints":{"allow":["GET"]}}],"collection":[{"href":"https:\/\/www.zuss.net\/tr\/wp-json\/wp\/v2\/posts"}],"about":[{"href":"https:\/\/www.zuss.net\/tr\/wp-json\/wp\/v2\/types\/post"}],"author":[{"embeddable":true,"href":"https:\/\/www.zuss.net\/tr\/wp-json\/wp\/v2\/users\/1"}],"replies":[{"embeddable":true,"href":"https:\/\/www.zuss.net\/tr\/wp-json\/wp\/v2\/comments?post=949"}],"version-history":[{"count":1,"href":"https:\/\/www.zuss.net\/tr\/wp-json\/wp\/v2\/posts\/949\/revisions"}],"predecessor-version":[{"id":951,"href":"https:\/\/www.zuss.net\/tr\/wp-json\/wp\/v2\/posts\/949\/revisions\/951"}],"wp:featuredmedia":[{"embeddable":true,"href":"https:\/\/www.zuss.net\/tr\/wp-json\/wp\/v2\/media\/950"}],"wp:attachment":[{"href":"https:\/\/www.zuss.net\/tr\/wp-json\/wp\/v2\/media?parent=949"}],"wp:term":[{"taxonomy":"category","embeddable":true,"href":"https:\/\/www.zuss.net\/tr\/wp-json\/wp\/v2\/categories?post=949"},{"taxonomy":"post_tag","embeddable":true,"href":"https:\/\/www.zuss.net\/tr\/wp-json\/wp\/v2\/tags?post=949"}],"curies":[{"name":"wp","href":"https:\/\/api.w.org\/{rel}","templated":true}]}}